{"id":2123,"date":"2025-01-27T12:58:53","date_gmt":"2025-01-27T10:58:53","guid":{"rendered":"http:\/\/wehowsky.ch\/?p=2123"},"modified":"2025-03-05T13:14:57","modified_gmt":"2025-03-05T11:14:57","slug":"der-vormarsch-der-afd-und-der-kampf-um-politische-vernunft","status":"publish","type":"post","link":"http:\/\/wehowsky.ch\/?p=2123","title":{"rendered":"Der Vormarsch der AfD und der Kampf um politische Vernunft"},"content":{"rendered":"\n<p>Die Serie von Mordtaten, die wie jetzt in Aschaffenburg immer wieder neu Angst und Schrecken verbreiten, ver\u00e4ndert das gesellschaftliche und politische Klima. Die Parolen der Rechten erreichen mehr und mehr die b\u00fcrgerliche Mitte, nicht nur in Deutschland. Es besteht die Gefahr, dass die politische Vernunft ganz unter die R\u00e4der ger\u00e4t. <a href=\"https:\/\/www.journal21.ch\/artikel\/der-vormarsch-der-afd-und-der-kampf-um-politische-vernunft\">&#8230;mehr<\/a><\/p>\n\n\n\n<p><\/p>\n","protected":false},"excerpt":{"rendered":"<p>Die Serie von Mordtaten, die wie jetzt in Aschaffenburg immer wieder neu Angst und Schrecken verbreiten, ver\u00e4ndert das gesellschaftliche und politische Klima. Die Parolen der Rechten erreichen mehr und mehr die b\u00fcrgerliche Mitte, nicht nur in Deutschland. Es besteht die &hellip; <a href=\"http:\/\/wehowsky.ch\/?p=2123\">Weiterlesen <span class=\"meta-nav\">&rarr;<\/span><\/a><\/p>\n","protected":false},"author":1,"featured_media":0,"comment_status":"closed","ping_status":"closed","sticky":false,"template":"","format":"standard","meta":{"footnotes":""},"categories":[1],"tags":[429],"_links":{"self":[{"href":"http:\/\/wehowsky.ch\/index.php?rest_route=\/wp\/v2\/posts\/2123"}],"collection":[{"href":"http:\/\/wehowsky.ch\/index.php?rest_route=\/wp\/v2\/posts"}],"about":[{"href":"http:\/\/wehowsky.ch\/index.php?rest_route=\/wp\/v2\/types\/post"}],"author":[{"embeddable":true,"href":"http:\/\/wehowsky.ch\/index.php?rest_route=\/wp\/v2\/users\/1"}],"replies":[{"embeddable":true,"href":"http:\/\/wehowsky.ch\/index.php?rest_route=%2Fwp%2Fv2%2Fcomments&post=2123"}],"version-history":[{"count":1,"href":"http:\/\/wehowsky.ch\/index.php?rest_route=\/wp\/v2\/posts\/2123\/revisions"}],"predecessor-version":[{"id":2124,"href":"http:\/\/wehowsky.ch\/index.php?rest_route=\/wp\/v2\/posts\/2123\/revisions\/2124"}],"wp:attachment":[{"href":"http:\/\/wehowsky.ch\/index.php?rest_route=%2Fwp%2Fv2%2Fmedia&parent=2123"}],"wp:term":[{"taxonomy":"category","embeddable":true,"href":"http:\/\/wehowsky.ch\/index.php?rest_route=%2Fwp%2Fv2%2Fcategories&post=2123"},{"taxonomy":"post_tag","embeddable":true,"href":"http:\/\/wehowsky.ch\/index.php?rest_route=%2Fwp%2Fv2%2Ftags&post=2123"}],"curies":[{"name":"wp","href":"https:\/\/api.w.org\/{rel}","templated":true}]}}